{"id":1256,"date":"2018-05-23T21:57:03","date_gmt":"2018-05-23T19:57:03","guid":{"rendered":"http:\/\/www.nadaciakrestanskaobnova.sk\/?p=1256"},"modified":"2018-05-23T21:59:35","modified_gmt":"2018-05-23T19:59:35","slug":"volba-biskupa-zd","status":"publish","type":"post","link":"http:\/\/www.nadaciakrestanskaobnova.sk\/?p=1256","title":{"rendered":"Vo\u013eba biskupa ZD"},"content":{"rendered":"<p>Mil\u00ed moji,<\/p>\n<div>schy\u013euje sa k vo\u013eb\u00e1m biskupa ZD ECAV. S\u00fa piati kandid\u00e1ti. V na\u0161om CZ budeme voli\u0165 v nede\u013eu 3. j\u00fana t. r. Budeme s\u00edce v L\u00fa\u010dkach, kde budeme ma\u0165 zborov\u00fd de\u0148 a slu\u017eby Bo\u017eie, ale pros\u00edm, n\u00e1jdite si \u010das a zaria\u010fte si ho tak, aby ste do L\u00fa\u010dok pri\u0161li, kde po skon\u010den\u00ed slu\u017eieb Bo\u017e\u00edch zadr\u017e\u00edme volebn\u00fd konvent. Doprava z Kremnice z autobusovej stanice, pripadne z autobusovej zast\u00e1vky smerom na L\u00fa\u010dky bude zabezpe\u010den\u00e1 kyvadlovo.<\/div>\n<div>V pr\u00edlohe posielam \u017eivotopisy a volebn\u00e9 programy jednotliv\u00fdch kandid\u00e1tov.<\/div>\n<div>Najbli\u017e\u0161iu sobotu 19. m\u00e1ja bude ekumenick\u00e1 pobo\u017enos\u0165 v \u0160turci. Zraz o 16:00 hod. pred \u0161achtou Ferdinand. Po\u010dasie m\u00e1 vraj pria\u0165. Tak pr\u00ed\u010fte do chr\u00e1mu Bo\u017eej pr\u00edrody \ud83d\ude42<\/div>\n<div>V nede\u013eu &#8211; 1. sl\u00e1vnos\u0165 sv\u00e4todu\u0161n\u00e1&#8230;<\/div>\n<div>Prajem pekn\u00fd a po\u017eehnan\u00fd de\u0148.<\/div>\n<div>V\u00e1\u0161 pastor Jozef<\/div>\n<div><\/div>\n<div><a href=\"http:\/\/www.nadaciakrestanskaobnova.sk\/wp-content\/uploads\/2018\/05\/Bun\u010d\u00e1k.jpg\" target=\"_blank\" rel=\"noopener\"><img loading=\"lazy\" decoding=\"async\" class=\"alignnone wp-image-1257\" src=\"http:\/\/www.nadaciakrestanskaobnova.sk\/wp-content\/uploads\/2018\/05\/Bun\u010d\u00e1k-150x150.jpg\" alt=\"\" width=\"150\" height=\"150\" \/><\/a> <a href=\"http:\/\/www.nadaciakrestanskaobnova.sk\/wp-content\/uploads\/2018\/05\/Bun\u010d\u00e1k1.jpg\" target=\"_blank\" rel=\"noopener\"><img loading=\"lazy\" decoding=\"async\" class=\"alignnone wp-image-1258\" src=\"http:\/\/www.nadaciakrestanskaobnova.sk\/wp-content\/uploads\/2018\/05\/Bun\u010d\u00e1k1-150x150.jpg\" alt=\"\" width=\"150\" height=\"150\" \/><\/a> <a href=\"http:\/\/www.nadaciakrestanskaobnova.sk\/wp-content\/uploads\/2018\/05\/\u010cerm\u00e1k.jpg\" target=\"_blank\" rel=\"noopener\"><img loading=\"lazy\" decoding=\"async\" class=\"alignnone wp-image-1259\" src=\"http:\/\/www.nadaciakrestanskaobnova.sk\/wp-content\/uploads\/2018\/05\/\u010cerm\u00e1k-150x150.jpg\" alt=\"\" width=\"150\" height=\"150\" \/><\/a> <a href=\"http:\/\/www.nadaciakrestanskaobnova.sk\/wp-content\/uploads\/2018\/05\/\u010cerm\u00e1k1.jpg\" target=\"_blank\" rel=\"noopener\"><img loading=\"lazy\" decoding=\"async\" class=\"alignnone wp-image-1260\" src=\"http:\/\/www.nadaciakrestanskaobnova.sk\/wp-content\/uploads\/2018\/05\/\u010cerm\u00e1k1-150x150.jpg\" alt=\"\" width=\"150\" height=\"150\" \/><\/a> <a href=\"http:\/\/www.nadaciakrestanskaobnova.sk\/wp-content\/uploads\/2018\/05\/Hrobo\u0148.jpg\" target=\"_blank\" rel=\"noopener\"><img loading=\"lazy\" decoding=\"async\" class=\"alignnone wp-image-1261\" src=\"http:\/\/www.nadaciakrestanskaobnova.sk\/wp-content\/uploads\/2018\/05\/Hrobo\u0148-150x150.jpg\" alt=\"\" width=\"150\" height=\"150\" \/><\/a> <a href=\"http:\/\/www.nadaciakrestanskaobnova.sk\/wp-content\/uploads\/2018\/05\/Hrobo\u01481.jpg\" target=\"_blank\" rel=\"noopener\"><img loading=\"lazy\" decoding=\"async\" class=\"alignnone wp-image-1262\" src=\"http:\/\/www.nadaciakrestanskaobnova.sk\/wp-content\/uploads\/2018\/05\/Hrobo\u01481-150x150.jpg\" alt=\"\" width=\"150\" height=\"150\" \/><\/a> <a href=\"http:\/\/www.nadaciakrestanskaobnova.sk\/wp-content\/uploads\/2018\/05\/Jan\u010do.jpg\" target=\"_blank\" rel=\"noopener\"><img loading=\"lazy\" decoding=\"async\" class=\"alignnone wp-image-1263\" src=\"http:\/\/www.nadaciakrestanskaobnova.sk\/wp-content\/uploads\/2018\/05\/Jan\u010do-150x150.jpg\" alt=\"\" width=\"150\" height=\"150\" \/><\/a> <a href=\"http:\/\/www.nadaciakrestanskaobnova.sk\/wp-content\/uploads\/2018\/05\/Zajden.jpg\" target=\"_blank\" rel=\"noopener\"><img loading=\"lazy\" decoding=\"async\" class=\"alignnone wp-image-1264\" src=\"http:\/\/www.nadaciakrestanskaobnova.sk\/wp-content\/uploads\/2018\/05\/Zajden-150x150.jpg\" alt=\"\" width=\"150\" height=\"150\" \/><\/a><\/div>\n","protected":false},"excerpt":{"rendered":"<p>Mil\u00ed moji, schy\u013euje sa k vo\u013eb\u00e1m biskupa ZD ECAV. S\u00fa piati kandid\u00e1ti. V na\u0161om CZ budeme voli\u0165 v nede\u013eu 3. j\u00fana t. r. Budeme s\u00edce v L\u00fa\u010dkach, kde budeme ma\u0165 zborov\u00fd de\u0148 a slu\u017eby Bo\u017eie, ale pros\u00edm, n\u00e1jdite si \u010das &hellip; <a href=\"http:\/\/www.nadaciakrestanskaobnova.sk\/?p=1256\">Pokra\u010dova\u0165 v \u010d\u00edtan\u00ed <span class=\"meta-nav\">&rarr;<\/span><\/a><\/p>\n","protected":false},"author":1,"featured_media":0,"comment_status":"open","ping_status":"open","sticky":false,"template":"","format":"standard","meta":{"footnotes":""},"categories":[1],"tags":[],"class_list":["post-1256","post","type-post","status-publish","format-standard","hentry","category-nezaradene"],"_links":{"self":[{"href":"http:\/\/www.nadaciakrestanskaobnova.sk\/index.php?rest_route=\/wp\/v2\/posts\/1256","targetHints":{"allow":["GET"]}}],"collection":[{"href":"http:\/\/www.nadaciakrestanskaobnova.sk\/index.php?rest_route=\/wp\/v2\/posts"}],"about":[{"href":"http:\/\/www.nadaciakrestanskaobnova.sk\/index.php?rest_route=\/wp\/v2\/types\/post"}],"author":[{"embeddable":true,"href":"http:\/\/www.nadaciakrestanskaobnova.sk\/index.php?rest_route=\/wp\/v2\/users\/1"}],"replies":[{"embeddable":true,"href":"http:\/\/www.nadaciakrestanskaobnova.sk\/index.php?rest_route=%2Fwp%2Fv2%2Fcomments&post=1256"}],"version-history":[{"count":3,"href":"http:\/\/www.nadaciakrestanskaobnova.sk\/index.php?rest_route=\/wp\/v2\/posts\/1256\/revisions"}],"predecessor-version":[{"id":1267,"href":"http:\/\/www.nadaciakrestanskaobnova.sk\/index.php?rest_route=\/wp\/v2\/posts\/1256\/revisions\/1267"}],"wp:attachment":[{"href":"http:\/\/www.nadaciakrestanskaobnova.sk\/index.php?rest_route=%2Fwp%2Fv2%2Fmedia&parent=1256"}],"wp:term":[{"taxonomy":"category","embeddable":true,"href":"http:\/\/www.nadaciakrestanskaobnova.sk\/index.php?rest_route=%2Fwp%2Fv2%2Fcategories&post=1256"},{"taxonomy":"post_tag","embeddable":true,"href":"http:\/\/www.nadaciakrestanskaobnova.sk\/index.php?rest_route=%2Fwp%2Fv2%2Ftags&post=1256"}],"curies":[{"name":"wp","href":"https:\/\/api.w.org\/{rel}","templated":true}]}}