{"id":2042,"date":"2025-09-03T23:31:42","date_gmt":"2025-09-03T21:31:42","guid":{"rendered":"http:\/\/www.nadaciakrestanskaobnova.sk\/?p=2042"},"modified":"2025-09-03T23:31:42","modified_gmt":"2025-09-03T21:31:42","slug":"a-znova-o-tejto-dobe-ale-aj-o-tej-minulej","status":"publish","type":"post","link":"http:\/\/www.nadaciakrestanskaobnova.sk\/?p=2042","title":{"rendered":"A znova o tejto dobe, ale aj o tej minulej&#8230;&#8230;."},"content":{"rendered":"<p>Na rodinnom stretnut\u00ed sa mlad\u00fd mu\u017e sp\u00fdtal svojich rodi\u010dov, tety, str\u00fdkov a star\u00fdch rodi\u010dov:<br \/>\n\u201eAko ste vtedy v\u0161etci \u017eili?\u201c<br \/>\n\u2022 Bez telev\u00edzie<br \/>\n\u2022 Bez Wi-Fi<br \/>\n\u2022 Bez technol\u00f3gi\u00ed<br \/>\n\u2022 Bez internetu<br \/>\n\u2022 Bez po\u010d\u00edta\u010dov<br \/>\n\u2022 Bez dronov<br \/>\n\u2022 Bez bitcoinov<br \/>\n\u2022 Bez mobiln\u00fdch telef\u00f3nov<br \/>\n\u2022 Bez Facebooku<br \/>\n\u2022 Bez Twitteru<br \/>\n\u2022 Bez YouTube<br \/>\n\u2022 Bez WhatsAppu<br \/>\n\u2022 Bez Messengeru<br \/>\n\u2022 Bez Instagramu<\/p>\n<p>Potom sa ozval star\u00fd otec a odpovedal:<br \/>\n\u201eVie\u0161, drah\u00fd vnuk\u2026<br \/>\nPresne ako dnes \u017eije tvoja gener\u00e1cia\u2026<br \/>\n\u2022 Bez modlitieb<br \/>\n\u2022 Bez \u00facty<br \/>\n\u2022 Bez hodn\u00f4t<br \/>\n\u2022 Bez osobnosti<br \/>\n\u2022 Bez zmyslu pre povinnos\u0165<br \/>\n\u2022 Bez vn\u00fatorn\u00e9ho \u017eivota<br \/>\n\u2022 Bez charakteru<br \/>\n\u2022 Bez korenia<br \/>\n\u2022 Bez ide\u00e1lov<br \/>\n\u2022 Bez sebal\u00e1sky<br \/>\n\u2022 Bez \u013eudskosti<br \/>\n\u2022 Bez skromnosti<br \/>\n\u2022 Bez cnost\u00ed<br \/>\n\u2022 Bez cti<br \/>\n\u2022 Bez cie\u013ea<br \/>\n\u2022 Bez toho ist\u00e9ho nie\u010doho<br \/>\n\u2022 Bez podstaty<br \/>\n\u2022 Bez smeru<br \/>\n\u2022 Bez identity \u2013 preto\u017ee mnoh\u00ed u\u017e ani nevedia, \u010di s\u00fa mu\u017e alebo \u017eena.<\/p>\n<p>My, t\u00ed, ktor\u00ed sme sa narodili medzi rokmi 1920 a 1975, sme po\u017eehnan\u00ed a na\u0161e \u017eivoty s\u00fa toho \u017eiv\u00fdm d\u00f4kazom:<br \/>\nPo \u0161kole boli dom\u00e1ce \u00falohy a potom sme sa hrali vonku!<\/p>\n<p>Hrali sme sa so skuto\u010dn\u00fdmi priate\u013emi \u2013 nie s virtu\u00e1lnymi z\u2026 internet.<br \/>\n\u010casto sme si stavali vlastn\u00e9 hra\u010dky a zab\u00e1vali sa s nimi.<br \/>\nNa\u0161i rodi\u010dia neboli bohat\u00ed,<br \/>\nale dali n\u00e1m a nau\u010dili n\u00e1s l\u00e1sku \u2013 nie materi\u00e1lne ani svetsk\u00e9 hodnoty.<br \/>\nNemali sme mobiln\u00e9 telef\u00f3ny, notebooky, DVD, PlayStationy, Xboxy, videohry, po\u010d\u00edta\u010de ani internet&#8230;<br \/>\nale mali sme skuto\u010dn\u00fdch priate\u013eov.<\/p>\n<p>Pr\u00edbuzn\u00ed b\u00fdvali ne\u010faleko, tak\u017ee sme si mohli u\u017e\u00edva\u0165 \u010das s rodinou.<\/p>\n<p>Mo\u017eno sa objavujeme len na \u010diernobielych fotografi\u00e1ch,<br \/>\nale spomienky s\u00fa farebn\u00e9 a \u017eiv\u00e9.<\/p>\n<p>Sme JEDINE\u010cN\u00c1 a CH\u00c1PAVEJ\u0160IA GENER\u00c1CIA,<br \/>\npreto\u017ee sme POSLEDN\u00cd, ktor\u00ed po\u010d\u00favaj\u00fa svojich rodi\u010dov&#8230;<br \/>\na PRV\u00cd, ktor\u00ed musia po\u010d\u00fava\u0165 svoje deti.<\/p>\n<p>Sme LIMITOVAN\u00c1 ED\u00cdCIA!<\/p>\n<p>U\u017e\u00edvajte si, v\u00e1\u017ete si a u\u010dte sa zo v\u010deraj\u0161ka.<\/p>\n<p>\u201eNAJSTAR\u0160\u00cd\u201c<\/p>\n<p>\u201eNarodili sme sa v 40., 50. a 60. rokoch.\u201c<br \/>\n\u201eVyrastali sme v 50., 60. a 70. rokoch.\u201c<br \/>\n\u201eChodili sme do \u0161koly v 60., 70. a 80. rokoch.\u201c<br \/>\n\u201eZamilovali sme sa v 70., 80. a 90. rokoch.\u201c<br \/>\n\u201eV 70., 80. a 90. rokoch sme sa vzali a objavovali svet.\u201c<br \/>\n\u201eV 80. a 90. rokoch sme sa vydali na cestu.\u201c<br \/>\n\u201eV roku 2000 sme na\u0161li stabilitu.\u201c<br \/>\n\u201eV roku 2010 sme m\u00fadri.\u201c<br \/>\n\u201eA st\u00e1le sme tu \u2013 v roku 2025.\u201c<\/p>\n<p>Pre\u017eili sme OSEM desa\u0165ro\u010d\u00ed\u2026<br \/>\nDVE storo\u010dia\u2026<br \/>\nDVE tis\u00edcro\u010dia\u2026<\/p>\n<p>Od dia\u013ekov\u00fdch telef\u00f3nnych \u00fastredn\u00ed a\u017e po celosvetov\u00e9 videohovory.<br \/>\nOd platn\u00ed a\u017e po streamovacie slu\u017eby.<br \/>\nOd ru\u010dne p\u00edsan\u00fdch listov a\u017e po e-maily a WhatsApp.<br \/>\nOd rozhlasov\u00fdch koment\u00e1rov po\u010das futbalov\u00fdch z\u00e1pasov a\u017e po \u010diernobielu telev\u00edziu a nesk\u00f4r a\u017e po HD telev\u00edziu.<br \/>\nZvykli sme chodi\u0165 do videot\u00e9ky \u2013 dnes pozer\u00e1me Netflix.<br \/>\nZa\u017eili sme prv\u00e9 po\u010d\u00edta\u010de, dierne \u0161t\u00edtky, diskety \u2013<br \/>\na dnes nos\u00edme gigabajty a megabajty vo vreck\u00e1ch \u2013 na mobiloch alebo tabletoch.<\/p>\n<p>Ako deti sme nosili \u0161ortky, nesk\u00f4r dlh\u00e9 nohavice, oxfordky, bermudy a mnoho \u010fal\u0161ieho.<br \/>\nPre\u017eili sme detsk\u00fa obrnu, meningit\u00eddu, chr\u00edpku H1N1 a teraz COVID-19.<\/p>\n<p>\u00c1no, pre\u0161li sme si mnoh\u00fdm,<br \/>\nale ak\u00e9 skvel\u00e9 \u017eivoty sme mali!<\/p>\n<p>Mohli by ste n\u00e1s nazva\u0165 \u201epre\u017eiv\u0161\u00edmi\u201c.<\/p>\n<p>\u013dudia naroden\u00ed vo svete 50. rokov 20. storo\u010dia,<br \/>\nza\u017eili anal\u00f3gov\u00e9 detstvo a digit\u00e1lnu dospelos\u0165.<\/p>\n<p>Sme tak\u00ed \u201evideli sme u\u017e v\u0161etko\u201c.<\/p>\n<p>Na\u0161a gener\u00e1cia m\u00e1 za\u017eili a videli viac ako ktoko\u013evek in\u00fd \u2013<br \/>\nv ka\u017edej dimenzii \u017eivota.<\/p>\n<p>sme gener\u00e1cia, ktor\u00e1 sa skuto\u010dne prisp\u00f4sobila svetu.<\/p>\n<p>Ve\u013ek\u00fd potlesk v\u0161etk\u00fdm \u010dlenom ve\u013emi \u0161peci\u00e1lnej gener\u00e1cie,<br \/>\nktor\u00e1 nav\u017edy zostane JEDINE\u010cN\u00c1.<\/p>\n<p>V\u017edy spolu<br \/>\nV\u017edy jednotn\u00ed<br \/>\nV\u017edy bratia<br \/>\nV\u017edy priatelia<\/p>\n","protected":false},"excerpt":{"rendered":"<p>Na rodinnom stretnut\u00ed sa mlad\u00fd mu\u017e sp\u00fdtal svojich rodi\u010dov, tety, str\u00fdkov a star\u00fdch rodi\u010dov: \u201eAko ste vtedy v\u0161etci \u017eili?\u201c \u2022 Bez telev\u00edzie \u2022 Bez Wi-Fi \u2022 Bez technol\u00f3gi\u00ed \u2022 Bez internetu \u2022 Bez po\u010d\u00edta\u010dov \u2022 Bez dronov \u2022 Bez bitcoinov &hellip; <a href=\"http:\/\/www.nadaciakrestanskaobnova.sk\/?p=2042\">Pokra\u010dova\u0165 v \u010d\u00edtan\u00ed <span class=\"meta-nav\">&rarr;<\/span><\/a><\/p>\n","protected":false},"author":1,"featured_media":0,"comment_status":"open","ping_status":"open","sticky":false,"template":"","format":"standard","meta":{"footnotes":""},"categories":[1],"tags":[],"class_list":["post-2042","post","type-post","status-publish","format-standard","hentry","category-nezaradene"],"_links":{"self":[{"href":"http:\/\/www.nadaciakrestanskaobnova.sk\/index.php?rest_route=\/wp\/v2\/posts\/2042","targetHints":{"allow":["GET"]}}],"collection":[{"href":"http:\/\/www.nadaciakrestanskaobnova.sk\/index.php?rest_route=\/wp\/v2\/posts"}],"about":[{"href":"http:\/\/www.nadaciakrestanskaobnova.sk\/index.php?rest_route=\/wp\/v2\/types\/post"}],"author":[{"embeddable":true,"href":"http:\/\/www.nadaciakrestanskaobnova.sk\/index.php?rest_route=\/wp\/v2\/users\/1"}],"replies":[{"embeddable":true,"href":"http:\/\/www.nadaciakrestanskaobnova.sk\/index.php?rest_route=%2Fwp%2Fv2%2Fcomments&post=2042"}],"version-history":[{"count":1,"href":"http:\/\/www.nadaciakrestanskaobnova.sk\/index.php?rest_route=\/wp\/v2\/posts\/2042\/revisions"}],"predecessor-version":[{"id":2043,"href":"http:\/\/www.nadaciakrestanskaobnova.sk\/index.php?rest_route=\/wp\/v2\/posts\/2042\/revisions\/2043"}],"wp:attachment":[{"href":"http:\/\/www.nadaciakrestanskaobnova.sk\/index.php?rest_route=%2Fwp%2Fv2%2Fmedia&parent=2042"}],"wp:term":[{"taxonomy":"category","embeddable":true,"href":"http:\/\/www.nadaciakrestanskaobnova.sk\/index.php?rest_route=%2Fwp%2Fv2%2Fcategories&post=2042"},{"taxonomy":"post_tag","embeddable":true,"href":"http:\/\/www.nadaciakrestanskaobnova.sk\/index.php?rest_route=%2Fwp%2Fv2%2Ftags&post=2042"}],"curies":[{"name":"wp","href":"https:\/\/api.w.org\/{rel}","templated":true}]}}