{"id":2050,"date":"2025-09-26T23:33:29","date_gmt":"2025-09-26T21:33:29","guid":{"rendered":"http:\/\/www.nadaciakrestanskaobnova.sk\/?p=2050"},"modified":"2025-09-26T23:33:29","modified_gmt":"2025-09-26T21:33:29","slug":"zevraj-vakciny-proti-covid-19","status":"publish","type":"post","link":"http:\/\/www.nadaciakrestanskaobnova.sk\/?p=2050","title":{"rendered":"\u017devraj vakc\u00edny proti COVID 19"},"content":{"rendered":"<p><a href=\"https:\/\/www.pravda-tv.com\/2025\/09\/japan-bestaetigt-ueber-600-000-todesfaelle-durch-covid-impfstoffe\">Japonsko potvrzuje v\u00edce ne\u017e 600 000 \u00famrt\u00ed souvisej\u00edc\u00edch s Covid \u201evakc\u00ednami\u201c<\/a><\/p>\n<p><a href=\"https:\/\/www.pravda-tv.com\/2025\/09\/japan-bestaetigt-ueber-600-000-todesfaelle-durch-covid-impfstoffe\">Z Japonska p\u0159ich\u00e1zej\u00ed znepokojiv\u00e9 zpr\u00e1vy: p\u0159edn\u00ed odborn\u00edci zem\u011b na\u0161li z\u00e1va\u017en\u00e9 d\u016fkazy, \u017ee rychle rostouc\u00ed po\u010det \u00famrt\u00ed souvis\u00ed s Covid mRNA \u201evakc\u00ednami\u201c.<\/a><\/p>\n<p><a href=\"https:\/\/www.pravda-tv.com\/2025\/09\/japan-bestaetigt-ueber-600-000-todesfaelle-durch-covid-impfstoffe\">Z\u00e1kladn\u00ed koalice nazvan\u00e1 \u201eUnited Citizens for Stopping mRNA Vaccines\u201c vynutila zve\u0159ejn\u011bn\u00ed ofici\u00e1ln\u00edch o\u010dkovac\u00edch z\u00e1znam\u016f 21 milion\u016f japonsk\u00fdch ob\u010dan\u016f prost\u0159ednictv\u00edm \u0159ady \u017e\u00e1dost\u00ed podle z\u00e1kona o svobodn\u00e9m p\u0159\u00edstupu k informac\u00edm (FOIA).<\/a><\/p>\n<p><a href=\"https:\/\/www.pravda-tv.com\/2025\/09\/japan-bestaetigt-ueber-600-000-todesfaelle-durch-covid-impfstoffe\">Z\u00e1znamy obsahuj\u00ed data o\u010dkov\u00e1n\u00ed, \u010d\u00edsla \u0161ar\u017e\u00ed a hl\u00e1\u0161en\u00ed \u00famrt\u00ed po o\u010dkov\u00e1n\u00ed.<\/a><\/p>\n<p><a href=\"https:\/\/www.pravda-tv.com\/2025\/09\/japan-bestaetigt-ueber-600-000-todesfaelle-durch-covid-impfstoffe\">V\u00fdsledky jsou katastrof\u00e1ln\u00ed.<\/a><\/p>\n","protected":false},"excerpt":{"rendered":"<p>Japonsko potvrzuje v\u00edce ne\u017e 600 000 \u00famrt\u00ed souvisej\u00edc\u00edch s Covid \u201evakc\u00ednami\u201c Z Japonska p\u0159ich\u00e1zej\u00ed znepokojiv\u00e9 zpr\u00e1vy: p\u0159edn\u00ed odborn\u00edci zem\u011b na\u0161li z\u00e1va\u017en\u00e9 d\u016fkazy, \u017ee rychle rostouc\u00ed po\u010det \u00famrt\u00ed souvis\u00ed s Covid mRNA \u201evakc\u00ednami\u201c. Z\u00e1kladn\u00ed koalice nazvan\u00e1 \u201eUnited Citizens for Stopping mRNA &hellip; <a href=\"http:\/\/www.nadaciakrestanskaobnova.sk\/?p=2050\">Pokra\u010dova\u0165 v \u010d\u00edtan\u00ed <span class=\"meta-nav\">&rarr;<\/span><\/a><\/p>\n","protected":false},"author":1,"featured_media":0,"comment_status":"open","ping_status":"open","sticky":false,"template":"","format":"standard","meta":{"footnotes":""},"categories":[1],"tags":[],"class_list":["post-2050","post","type-post","status-publish","format-standard","hentry","category-nezaradene"],"_links":{"self":[{"href":"http:\/\/www.nadaciakrestanskaobnova.sk\/index.php?rest_route=\/wp\/v2\/posts\/2050","targetHints":{"allow":["GET"]}}],"collection":[{"href":"http:\/\/www.nadaciakrestanskaobnova.sk\/index.php?rest_route=\/wp\/v2\/posts"}],"about":[{"href":"http:\/\/www.nadaciakrestanskaobnova.sk\/index.php?rest_route=\/wp\/v2\/types\/post"}],"author":[{"embeddable":true,"href":"http:\/\/www.nadaciakrestanskaobnova.sk\/index.php?rest_route=\/wp\/v2\/users\/1"}],"replies":[{"embeddable":true,"href":"http:\/\/www.nadaciakrestanskaobnova.sk\/index.php?rest_route=%2Fwp%2Fv2%2Fcomments&post=2050"}],"version-history":[{"count":1,"href":"http:\/\/www.nadaciakrestanskaobnova.sk\/index.php?rest_route=\/wp\/v2\/posts\/2050\/revisions"}],"predecessor-version":[{"id":2051,"href":"http:\/\/www.nadaciakrestanskaobnova.sk\/index.php?rest_route=\/wp\/v2\/posts\/2050\/revisions\/2051"}],"wp:attachment":[{"href":"http:\/\/www.nadaciakrestanskaobnova.sk\/index.php?rest_route=%2Fwp%2Fv2%2Fmedia&parent=2050"}],"wp:term":[{"taxonomy":"category","embeddable":true,"href":"http:\/\/www.nadaciakrestanskaobnova.sk\/index.php?rest_route=%2Fwp%2Fv2%2Fcategories&post=2050"},{"taxonomy":"post_tag","embeddable":true,"href":"http:\/\/www.nadaciakrestanskaobnova.sk\/index.php?rest_route=%2Fwp%2Fv2%2Ftags&post=2050"}],"curies":[{"name":"wp","href":"https:\/\/api.w.org\/{rel}","templated":true}]}}