{"id":2077,"date":"2026-03-11T09:27:39","date_gmt":"2026-03-11T07:27:39","guid":{"rendered":"http:\/\/www.nadaciakrestanskaobnova.sk\/?p=2077"},"modified":"2026-03-11T09:30:56","modified_gmt":"2026-03-11T07:30:56","slug":"lesk-a-bieda-a-co-dalej","status":"publish","type":"post","link":"http:\/\/www.nadaciakrestanskaobnova.sk\/?p=2077","title":{"rendered":"Lesk a bieda\u2026. a \u010do \u010falej?"},"content":{"rendered":"<p><strong>Po uverejnen\u00ed m\u00f4jho posledn\u00e9ho pr\u00edspevku sa objavili koment\u00e1re, \u017ee zase ml\u00e1tim pr\u00e1zdnu slamu, \u017ee popisujem veci, ale nepredklad\u00e1m \u017eiadne rie\u0161enia. Ur\u010dite, my\u0161lienky hodn\u00e9 zamyslenia. Napriek tomu si mysl\u00edm, \u017ee aj lek\u00e1r, k\u00fdm sa podujme lie\u010di\u0165, potrebuje ur\u010di\u0165 diagn\u00f3zu a presk\u00fama\u0165 sympt\u00f3my ochorenia. Aj my, ke\u010f sa chceme zamyslie\u0165, kde le\u017e\u00ed na\u0161a bieda, mali by sme si pop\u00edsa\u0165 na\u0161e syst\u00e9mov\u00e9 zlyhania i osobnostn\u00e9 vklady jednotlivcov, ktor\u00e9 pri zlyhaniach spolup\u00f4sobia.<\/strong><\/p>\n<p>O syst\u00e9mov\u00fdch poruch\u00e1ch som hovoril minule. Samozrejme, nie s\u00fa to v\u0161etky. \u017dia\u013e, <strong>na Slovensku sa nikto nezaober\u00e1 psychologicko-historickou anal\u00fdzou<\/strong>, ktor\u00e1 by sa sna\u017eila pop\u00edsa\u0165 reakcie a konanie spolo\u010dnosti na vn\u00fatorn\u00e9 i vonkaj\u0161ie podnety. Uvediem pr\u00edklad. Ke\u010f sa na za\u010diatku 90. rokov minul\u00e9ho storo\u010dia objavila my\u0161lienka slovenskej suverenity a samostatnosti, okrem stredn\u00e9ho Pova\u017eia najviac zarezonovala pr\u00e1ve v Bratislave. \u010co sa odvtedy stalo, \u017ee dnes sa z h\u013eadiska preferenci\u00ed Bratislava v\u00fdrazne vo vz\u0165ahu k slovenskej suverenite odli\u0161uje od ostatn\u00e9ho Slovenska, \u017ee vo vo\u013eb\u00e1ch v hlavnom meste z\u00edskavaj\u00fa najv\u00e4\u010d\u0161ie zast\u00fapenie sily, ktor\u00fdm je slovensk\u00e1 n\u00e1rodn\u00e1 \u0161t\u00e1tnos\u0165 \u013eahostajn\u00e1 alebo ju otvorene spochyb\u0148uj\u00fa?<\/p>\n<p>Ale <strong>po\u010fme k anal\u00fdze na\u0161ej politickej sc\u00e9ny<\/strong>. H\u00e1dam najnepochopite\u013enej\u0161ia je s\u00fastavne vysok\u00e1 poz\u00edcia podpora strany, ktor\u00e1 vyhrala predch\u00e1dzaj\u00face vo\u013eby a po nich zjavne zlyhala po v\u0161etk\u00fdch str\u00e1nkach. Matovi\u010dovo hnutie okrem nen\u00e1visti, fikt\u00edvnej, nepodlo\u017eenej kriminaliz\u00e1cie politick\u00fdch protivn\u00edkov, ozna\u010dovania norm\u00e1lnych vz\u0165ahov sponzor \u2013 politik za mafistick\u00e9 praktiky a neskonal\u00fa hl\u00fapos\u0165 a neschopnos\u0165 nepon\u00faka \u017eiaden re\u00e1lny, resp. realizovate\u013en\u00fd program. <strong>Ke\u010f som sa v rozhovore s jedn\u00fdm k\u0148azom p\u00fdtal, \u010do teda Matovi\u010d pon\u00faka spolo\u010dnosti, dozvedel som sa neuverite\u013en\u00fa vec! Vraj pon\u00faka n\u00e1dej!<\/strong> Nu\u017e, ak je to tak, tak pon\u00faka tak\u00fa ist\u00fa n\u00e1dej, ak\u00fa pon\u00fakal ist\u00fd rak\u00fasky kapr\u00e1l prvou svetovou vojnou pon\u00ed\u017een\u00fdm Nemcom, \u017ee ich vyvedie z pon\u00ed\u017eenia a urob\u00ed Nemecko \u201eop\u00e4\u0165 ve\u013ek\u00fdm\u201d. Ako to skon\u010dilo, vieme z u\u010debn\u00edc dejepisu. <strong>Veri\u0165 \u013eu\u010fom, ktor\u00ed u\u017e v re\u00e1lnej politike \u00faplne zlyhali<\/strong>, je skuto\u010dne hodn\u00e9 h\u013abkovej psychoanalytickej \u0161t\u00fadie.<\/p>\n<p>U\u017e minule som hovoril, \u017ee jednou z pr\u00edzna\u010dn\u00fdch \u010d\u0155t Slov\u00e1kov je siln\u00e9 prece\u0148ovanie svojich schopnosti a tendencia, \u017ee v\u0161etci sme na v\u0161etko schopn\u00ed. Posledn\u00fd snem SaS sa ve\u013emi podobal na snem SNS v Liptovskom Mikul\u00e1\u0161i roku 2020. Aj tam zo strany odi\u0161lo v\u0161etko, \u010do malo ak\u00fa tak\u00fa schopnos\u0165 politicky rozm\u00fd\u0161\u013ea\u0165 a kona\u0165. <strong>Sebavedom\u00fd Gr\u00f6hling, ktor\u00e9mu e\u0161te v predpubert\u00e1lnom veku zak\u00e1zali komunisti \u0161tudova\u0165 na vysokej \u0161kole, vyhl\u00e1sil, \u017ee s\u00fa pripraven\u00ed prevzia\u0165 moc na Slovensku<\/strong>. Len nepovedal s k\u00fdm, ako a s ak\u00fdm programom. To, \u010do je s\u00fastreden\u00e9 okolo neho, bez re\u00e1lneho programu a s pochybn\u00fdmi schopnos\u0165ami skuto\u010dne nevyvol\u00e1va \u017eiadnu d\u00f4veru. Sk\u00f4r mi svoj\u00edm vyhl\u00e1sen\u00edm pripom\u00ednal spom\u00ednan\u00e9ho kapr\u00e1la, ktor\u00fd sa za\u010diatkom roku 1933 usiloval o poz\u00edciu r\u00ed\u0161skeho kancel\u00e1ra s\u013eubom, \u017ee ak mu daj\u00fa do r\u00fak Nemecko, za 12 rokov ho nespoznaj\u00fa. Skuto\u010dne, roku 1945 by nikto nespoznal, \u017ee t\u00e1 hromada trosiek bolo kedysi prekvitaj\u00facou krajinou, s kult\u00farnym bohatstvom a s humanistickou filozofiou.<\/p>\n<p>M\u00e1me tu aj jednu stranu, ktor\u00e1 sa hl\u00e1si ku kres\u0165ansk\u00fdm trad\u00edci\u00e1m. Jeden m\u00f4j u\u017e neboh\u00fd zn\u00e1my, ktor\u00fd sa z\u00fa\u010dastnil na zakladaj\u00facom sneme KDH vo febru\u00e1ri 1990 a vz\u00e1p\u00e4t\u00ed pre\u0161iel do SNS, mi tak pred dvadsiatimi rokmi povedal: \u201eViete, T\u00f3nko, KDH malo v minulosti viackr\u00e1t mo\u017enos\u0165 vybra\u0165 si svoje smerovanie. Ke\u010f\u017ee sa nedr\u017ealo ani kres\u0165ansk\u00e9ho, ani n\u00e1rodn\u00e9ho princ\u00edpu, v\u017edy si vybralo zle\u201d. Mysl\u00edm si, \u017ee v tejto trad\u00edcii pokra\u010duje \u010falej. <strong>Bol som \u0161okovan\u00fd Majersk\u00e9ho v\u00fdrokom po poslednom sneme KDH, ke\u010f povedal, \u017ee KDH urob\u00ed v\u0161etko, aby Fico u\u017e nebol v Slovenskej politike<\/strong>. To ako chce v demokratick\u00fdch pomeroch zabr\u00e1ni\u0165 niekomu, aby sa anga\u017eoval v politike? A \u010do to znemen\u00e1 v\u0161etko? \u010co ho zavr\u00fa na do\u017eivotie alebo nedajbo\u017ee zavra\u017edia? \u010co to m\u00e1 spolo\u010dn\u00e9 s kres\u0165anstvom? \u010co to m\u00e1 spolo\u010dn\u00e9 s demokraciou? To v\u00e1\u017ene? Zdrav\u00fd rozum mi to neberie!<\/p>\n<p>Na z\u00e1ver tejto \u010dasti o na\u0161ej progres\u00edvnej \u201eelite\u201d. <strong>Ako sa pozer\u00e1m, tak sa pozer\u00e1m, okrem sluhu v\u0161etk\u00fdch p\u00e1nov I. Kor\u010doka, tam nevid\u00edm nikoho, kto by mal kontakt s re\u00e1lnym \u017eivotom.<\/strong> Zv\u00e4\u010d\u0161a s\u00fa to \u013eudia, ktor\u00ed nikdy ni\u010d nerobili, nikdy nemali za nikoho zodpovednos\u0165, len tr\u010dali niekde v mimovl\u00e1dkach, kde ml\u00e1tili pr\u00e1zdnu slamu a plietli z \u2026. bi\u010d. Preto je ich predstavou o politickom fungovan\u00ed a riaden\u00ed \u0161t\u00e1tu slu\u017eba cudz\u00edm z\u00e1ujmom a likvid\u00e1cia v\u0161etk\u00e9ho, \u010do len trochu zav\u00e1\u0148a slovenskos\u0165ou, presadzovan\u00edm slovensk\u00e9ho n\u00e1rodn\u00e9ho z\u00e1ujmu. S\u00fa sa schopn\u00ed do nepr\u00ed\u010detnosti rozz\u00fari\u0165, ke\u010f Rusi trafia v Kyjeve pr\u00e1zdnu \u0161k\u00f4lku, ale ke\u010f Ameri\u010dania v Ir\u00e1ne zrovnaj\u00fa so zemou diev\u010densk\u00fa \u0161kolu, kde zahynulo okrem in\u00fdch okolo stovky mal\u00fdch diev\u010dat, zost\u00e1vaj\u00fa chladn\u00ed. Nie dvojit\u00fd meter, ale rovno dvojit\u00fd kilometer je hlavnou s\u00fa\u010das\u0165ou ich politick\u00e9ho myslenia.<\/p>\n<p>V tomto politickom subjekte je aj person\u00e1lna \u00fania cez predsedu s politikou z 90. rokov, ke\u010f obhajovanie cudz\u00edch z\u00e1ujmov bolo d\u00f4le\u017eitej\u0161ie, ako postavenie sa na stranu slovenskej vl\u00e1dy, s ktorou politicky nes\u00fahlasili. Vlastne s\u00fa pokra\u010dovate\u013emi niekdaj\u0161ej \u201elabanskej\u201d l\u00ednie politiky v na\u0161ich krajoch, ktor\u00e1 za\u010dala niekedy za\u010diatkom 17. st. v Uhorskom kr\u00e1\u013eovstve. Cudz\u00ed pre labancov boli v\u017edy d\u00f4le\u017eitej\u0161\u00ed ako vlastn\u00ed a prejavovalo sa to okrem in\u00e9ho v neskor\u0161om obdob\u00ed ma\u010far\u00f3nstvom, \u010dechoslovakizmom a dnes pseudoeur\u00f3panstvom. Ako keby zabudli, \u017ee Eur\u00f3panmi sme pr\u00e1ve preto, \u017ee sme Slov\u00e1ci.<\/p>\n<p>Okrem toho v\u00f4bec nemaj\u00fa in\u00fd program, ako <strong>po\u017eiadavku na odchod R. Fica.<\/strong> To, \u010do sa niekedy sna\u017eia predlo\u017ei\u0165 ako politick\u00fd program\u2026 Poml\u010d\u00edm. Ale najviac sa zab\u00e1vam na moment\u00e1lnej hviezde PS, poslankyni Jur\u00edkovej. Neviem, \u010di je tak hl\u00fapa alebo naivn\u00e1, ke\u010f vo v\u00e1\u017enej politickej debate vytiahne ako argument, \u017ee v\u0161ak ona sa rozpr\u00e1vala so Zelensk\u00fdm a on jej povedal, \u017ee ropovod je po\u0161koden\u00fd, teda je to tak. Pani Jur\u00edkov\u00e1, Zelensk\u00fd je notorick\u00fd klam\u00e1r. Ve\u010f oklamal svojich voli\u010dov, lebo s\u013e\u00fabil mier a vr\u00e1tenie \u0161tat\u00fatu rusk\u00e9mu jazyku! Ak by ste chceli by\u0165 nielen hlasnou tr\u00fabou nejak\u00e9ho programu, ale politi\u010dkou, mali by ste niekedy aj zauva\u017eova\u0165, \u010do hovor\u00edte. Ale toto je v\u00fdkvet PS. \u010co u\u017e ostatn\u00e9!<\/p>\n<p>M\u00e1me tu v\u0161ak aj koal\u00edciu. \u010clovek sa nem\u00f4\u017ee \u010dudova\u0165, \u017ee R. <strong>Fico sa stal obe\u0165ou takej z\u00farivej proti kampane<\/strong>. M\u00e1 nadanie na politiku, \u010do v \u0161irokom okol\u00ed nem\u00e1 nikto. \u010co sa dot\u00fdka schopnosti \u00eds\u0165 za cie\u013eom, dr\u017ea\u0165 sa ho, nem\u00e1 konkurenciu. \u010co mu trochu ch\u00fdba, je v\u00e4\u010d\u0161ia obozretnos\u0165 a niekedy zl\u00fd v\u00fdber spolupracovn\u00edkov, \u010do bolo katastrofick\u00e9 najm\u00e4 pri jeho tre\u0165ou premi\u00e9rstve. Tie\u017e by v\u0161etky zvesti nemusel oznamova\u0165 osobne, ale necha\u0165 to na druh\u00fdch.<\/p>\n<p><strong>Nebudem sa vyjadrova\u0165 o A. Dankovi.<\/strong> O tom som u\u017e pohovoril ve\u013ea a nem\u00e1 to v tomto \u010dl\u00e1nku zmysel. Pri SNS sa v\u0161ak treba pristavi\u0165 pri tom, \u010do by bolo treba spravi\u0165, aby sme sa z tejto biedy dostali. Mus\u00edm aj sebakriticky prizna\u0165, \u017ee na\u0161ou najv\u00e4\u010d\u0161ou biedou je to, \u017ee sme zanedbali v\u00fdchovu mladej gener\u00e1cie, resp. sme ju \u00faplne nechali napospas t\u00fdm, ktor\u00fdm bud\u00facnos\u0165 Slov\u00e1kov ako n\u00e1roda v\u00f4bec nele\u017e\u00ed na srdci. Hoci od r. 1994 som v SNS nebol, boli to najm\u00e4 ministri \u0161kolstva za t\u00fato stranu, ktor\u00ed s\u00fa zodpovedn\u00ed za niektor\u00e9 opatrenia v \u0161kolstve, na ktor\u00e9 dopl\u00e1came dodnes. Pri na\u0161om slabom historickom vedom\u00ed, zru\u0161ili dot\u00e1cie hod\u00edn na v\u00fdu\u010dbu dejepisu z dvoch hod\u00edn t\u00fd\u017edenne na jednu hodinu, aby mohli zv\u00fd\u0161i\u0165 dot\u00e1ciu angli\u010dtiny zo \u0161tyroch hod\u00edn na p\u00e4\u0165 hod\u00edn t\u00fd\u017edenne. Neviem, \u010di sme sa nestali jedin\u00fdm \u0161t\u00e1tom, kde sa materinsk\u00e9mu jazyku venuje menej vyu\u010dovac\u00edch hod\u00edn ako jazyku cudziemu. A zd\u00e1 sa, \u017ee trend \u201eodsloven\u010dovania\u201d slovensk\u00fdch \u0161k\u00f4l pokra\u010duje \u010falej.<\/p>\n<div id=\"admin-3057695787\">\n<p>Ale z\u00e1kladnou po\u017eiadavkou na to, aby biedy v slovenskej politike bolo menej a z\u00edskala aspo\u0148 ako tak\u00fd lesk, je v\u00e1\u017ei\u0165 si sam\u00fdch seba, neveri\u0165 falo\u0161n\u00fdm prorokom, ale najm\u00e4, aby sa pracova\u0165 pre n\u00e1rod a \u0161t\u00e1t vypl\u00e1calo. Len z m\u00f4jho odboru: Zru\u0161ili ved\u00faceho katedry slovensk\u00fdch dej\u00edn na FiF UK, ktor\u00e9mu sa podarilo prerazi\u0165 so slovenskou koncepciou dej\u00edn na medzin\u00e1rodnej \u00farovni. Katedru slovensk\u00fdch dej\u00edn sa n\u00e1m s odret\u00fdmi u\u0161ami podarilo zachr\u00e1ni\u0165, ale nie je ist\u00e9, \u010di pre\u017eije progres\u00edvne riadenie \u0161kolstva. Osoba, ktor\u00e1 dlhodobo presadzuje dejinn\u00e9 poh\u013eady z neslovensk\u00fdch poz\u00edci\u00ed a je hlavnou postavou tlaku na zru\u0161enie katedry slovensk\u00fdch dej\u00edn, v\u0161ak dostane od dne\u0161n\u00e9ho prezidenta vysok\u00e9 \u0161t\u00e1tne vyznamenanie. <strong>Takto sa to nerob\u00ed, do psej matere!<\/strong><\/p>\n<\/div>\n<p>Anton Hrnko<\/p>\n<div class=\"article-top\"><\/div>\n<div><\/div>\n","protected":false},"excerpt":{"rendered":"<p>Po uverejnen\u00ed m\u00f4jho posledn\u00e9ho pr\u00edspevku sa objavili koment\u00e1re, \u017ee zase ml\u00e1tim pr\u00e1zdnu slamu, \u017ee popisujem veci, ale nepredklad\u00e1m \u017eiadne rie\u0161enia. Ur\u010dite, my\u0161lienky hodn\u00e9 zamyslenia. Napriek tomu si mysl\u00edm, \u017ee aj lek\u00e1r, k\u00fdm sa podujme lie\u010di\u0165, potrebuje ur\u010di\u0165 diagn\u00f3zu a presk\u00fama\u0165 &hellip; <a href=\"http:\/\/www.nadaciakrestanskaobnova.sk\/?p=2077\">Pokra\u010dova\u0165 v \u010d\u00edtan\u00ed <span class=\"meta-nav\">&rarr;<\/span><\/a><\/p>\n","protected":false},"author":1,"featured_media":0,"comment_status":"open","ping_status":"open","sticky":false,"template":"","format":"standard","meta":{"footnotes":""},"categories":[1],"tags":[],"class_list":["post-2077","post","type-post","status-publish","format-standard","hentry","category-nezaradene"],"_links":{"self":[{"href":"http:\/\/www.nadaciakrestanskaobnova.sk\/index.php?rest_route=\/wp\/v2\/posts\/2077","targetHints":{"allow":["GET"]}}],"collection":[{"href":"http:\/\/www.nadaciakrestanskaobnova.sk\/index.php?rest_route=\/wp\/v2\/posts"}],"about":[{"href":"http:\/\/www.nadaciakrestanskaobnova.sk\/index.php?rest_route=\/wp\/v2\/types\/post"}],"author":[{"embeddable":true,"href":"http:\/\/www.nadaciakrestanskaobnova.sk\/index.php?rest_route=\/wp\/v2\/users\/1"}],"replies":[{"embeddable":true,"href":"http:\/\/www.nadaciakrestanskaobnova.sk\/index.php?rest_route=%2Fwp%2Fv2%2Fcomments&post=2077"}],"version-history":[{"count":3,"href":"http:\/\/www.nadaciakrestanskaobnova.sk\/index.php?rest_route=\/wp\/v2\/posts\/2077\/revisions"}],"predecessor-version":[{"id":2080,"href":"http:\/\/www.nadaciakrestanskaobnova.sk\/index.php?rest_route=\/wp\/v2\/posts\/2077\/revisions\/2080"}],"wp:attachment":[{"href":"http:\/\/www.nadaciakrestanskaobnova.sk\/index.php?rest_route=%2Fwp%2Fv2%2Fmedia&parent=2077"}],"wp:term":[{"taxonomy":"category","embeddable":true,"href":"http:\/\/www.nadaciakrestanskaobnova.sk\/index.php?rest_route=%2Fwp%2Fv2%2Fcategories&post=2077"},{"taxonomy":"post_tag","embeddable":true,"href":"http:\/\/www.nadaciakrestanskaobnova.sk\/index.php?rest_route=%2Fwp%2Fv2%2Ftags&post=2077"}],"curies":[{"name":"wp","href":"https:\/\/api.w.org\/{rel}","templated":true}]}}