{"id":388,"date":"2016-09-20T16:30:40","date_gmt":"2016-09-20T14:30:40","guid":{"rendered":"http:\/\/www.nadaciakrestanskaobnova.sk\/?p=388"},"modified":"2017-02-09T23:03:23","modified_gmt":"2017-02-09T21:03:23","slug":"388","status":"publish","type":"post","link":"http:\/\/www.nadaciakrestanskaobnova.sk\/?p=388","title":{"rendered":"Evanjelick\u00e9 dni v Kremnici  (30.09.-02.10.2016)"},"content":{"rendered":"<div id=\"attachment_389\" style=\"width: 222px\" class=\"wp-caption alignleft\"><a href=\"http:\/\/www.nadaciakrestanskaobnova.sk\/wp-content\/uploads\/2016\/09\/ED-plagat.jpg\" target=\"_blank\"><img loading=\"lazy\" decoding=\"async\" aria-describedby=\"caption-attachment-389\" class=\"wp-image-389 size-medium\" src=\"http:\/\/www.nadaciakrestanskaobnova.sk\/wp-content\/uploads\/2016\/09\/ED-plagat-212x300.jpg\" alt=\"ed-plagat\" width=\"212\" height=\"300\" srcset=\"http:\/\/www.nadaciakrestanskaobnova.sk\/wp-content\/uploads\/2016\/09\/ED-plagat-212x300.jpg 212w, http:\/\/www.nadaciakrestanskaobnova.sk\/wp-content\/uploads\/2016\/09\/ED-plagat-768x1086.jpg 768w, http:\/\/www.nadaciakrestanskaobnova.sk\/wp-content\/uploads\/2016\/09\/ED-plagat-724x1024.jpg 724w, http:\/\/www.nadaciakrestanskaobnova.sk\/wp-content\/uploads\/2016\/09\/ED-plagat.jpg 1754w\" sizes=\"auto, (max-width: 212px) 100vw, 212px\" \/><\/a><p id=\"caption-attachment-389\" class=\"wp-caption-text\">KREMNICA \u00a030.09.-02.10.2016<\/p><\/div>\n<p>&nbsp;<\/p>\n<div>\n<div>Mil\u00ed priatelia a zn\u00e1mi,<\/div>\n<div>dovo\u013ete, aby som v\u00e1m dal<\/div>\n<div>do pozornosti sprievodn\u00fd<\/div>\n<div>program<\/div>\n<div><span style=\"color: #634d08;\"><em><strong>Evanjelick\u00fdch dn\u00ed<\/strong><\/em><\/span> v Kremnici.<\/div>\n<div>Ver\u00edm, \u017ee si zo \u0161irokej \u0161k\u00e1ly<\/div>\n<div>podujat\u00ed vyberiete&#8230;<\/div>\n<div><\/div>\n<div>S pozdravom<\/div>\n<div><\/div>\n<\/div>\n<div>Jozef Pacek<\/div>\n<div>Far\u00e1r evanjelickej a.v. cirkvi<\/div>\n<div>v Kremnici<\/div>\n<p>&nbsp;<\/p>\n<p>&nbsp;<\/p>\n<h6><a href=\"http:\/\/www.nadaciakrestanskaobnova.sk\">na za\u010diatok<\/a><\/h6>\n","protected":false},"excerpt":{"rendered":"<p>&nbsp; Mil\u00ed priatelia a zn\u00e1mi, dovo\u013ete, aby som v\u00e1m dal do pozornosti sprievodn\u00fd program Evanjelick\u00fdch dn\u00ed v Kremnici. Ver\u00edm, \u017ee si zo \u0161irokej \u0161k\u00e1ly podujat\u00ed vyberiete&#8230; S pozdravom Jozef Pacek Far\u00e1r evanjelickej a.v. cirkvi v Kremnici &nbsp; &nbsp; na za\u010diatok<\/p>\n","protected":false},"author":1,"featured_media":0,"comment_status":"open","ping_status":"open","sticky":false,"template":"","format":"standard","meta":{"footnotes":""},"categories":[1],"tags":[],"class_list":["post-388","post","type-post","status-publish","format-standard","hentry","category-nezaradene"],"_links":{"self":[{"href":"http:\/\/www.nadaciakrestanskaobnova.sk\/index.php?rest_route=\/wp\/v2\/posts\/388","targetHints":{"allow":["GET"]}}],"collection":[{"href":"http:\/\/www.nadaciakrestanskaobnova.sk\/index.php?rest_route=\/wp\/v2\/posts"}],"about":[{"href":"http:\/\/www.nadaciakrestanskaobnova.sk\/index.php?rest_route=\/wp\/v2\/types\/post"}],"author":[{"embeddable":true,"href":"http:\/\/www.nadaciakrestanskaobnova.sk\/index.php?rest_route=\/wp\/v2\/users\/1"}],"replies":[{"embeddable":true,"href":"http:\/\/www.nadaciakrestanskaobnova.sk\/index.php?rest_route=%2Fwp%2Fv2%2Fcomments&post=388"}],"version-history":[{"count":9,"href":"http:\/\/www.nadaciakrestanskaobnova.sk\/index.php?rest_route=\/wp\/v2\/posts\/388\/revisions"}],"predecessor-version":[{"id":503,"href":"http:\/\/www.nadaciakrestanskaobnova.sk\/index.php?rest_route=\/wp\/v2\/posts\/388\/revisions\/503"}],"wp:attachment":[{"href":"http:\/\/www.nadaciakrestanskaobnova.sk\/index.php?rest_route=%2Fwp%2Fv2%2Fmedia&parent=388"}],"wp:term":[{"taxonomy":"category","embeddable":true,"href":"http:\/\/www.nadaciakrestanskaobnova.sk\/index.php?rest_route=%2Fwp%2Fv2%2Fcategories&post=388"},{"taxonomy":"post_tag","embeddable":true,"href":"http:\/\/www.nadaciakrestanskaobnova.sk\/index.php?rest_route=%2Fwp%2Fv2%2Ftags&post=388"}],"curies":[{"name":"wp","href":"https:\/\/api.w.org\/{rel}","templated":true}]}}